{"id":97,"date":"2017-04-17T15:00:12","date_gmt":"2017-04-17T14:00:12","guid":{"rendered":"http:\/\/mallorca2017.com\/2017\/04\/04\/enfin-arrives\/"},"modified":"2017-04-17T15:00:12","modified_gmt":"2017-04-17T14:00:12","slug":"enfin-arrives","status":"publish","type":"post","link":"https:\/\/carnetsdevoyage.net\/mallorca2017\/2017\/04\/17\/enfin-arrives\/","title":{"rendered":"Enfin arriv\u00e9s !"},"content":{"rendered":"<p>Deux petites heures d&rsquo;avion et nous voil\u00e0 en \u00e9t\u00e9&#8230;<\/p>\n<p>Pour une fois le vol a \u00e9t\u00e9 plus rapide que pr\u00e9vu et nous sommes arriv\u00e9s avec presque une demie heure d&rsquo;avance.<\/p>\n<p>Un passage chez les tantes et oncles et ensuite direction Port de Pollen\u00e7a. Notre appartement est tr\u00e8s sympa et une bonne semaine en perspective \u00e0 passer ici&#8230;<\/p>\n<p><a href=\"https:\/\/carnetsdevoyage.net\/mallorca2017\/wp-content\/uploads\/sites\/4\/2017\/04\/img_3084.jpg\"><img loading=\"lazy\" decoding=\"async\" class=\"aligncenter size-full wp-image-92\" title=\"\" src=\"https:\/\/carnetsdevoyage.net\/mallorca2017\/wp-content\/uploads\/sites\/4\/2017\/04\/img_3084.jpg\" alt=\"\" width=\"4032\" height=\"3024\" srcset=\"https:\/\/carnetsdevoyage.net\/mallorca2017\/wp-content\/uploads\/sites\/4\/2017\/04\/img_3084.jpg 4032w, https:\/\/carnetsdevoyage.net\/mallorca2017\/wp-content\/uploads\/sites\/4\/2017\/04\/img_3084-300x225.jpg 300w, https:\/\/carnetsdevoyage.net\/mallorca2017\/wp-content\/uploads\/sites\/4\/2017\/04\/img_3084-768x576.jpg 768w, https:\/\/carnetsdevoyage.net\/mallorca2017\/wp-content\/uploads\/sites\/4\/2017\/04\/img_3084-1024x768.jpg 1024w, https:\/\/carnetsdevoyage.net\/mallorca2017\/wp-content\/uploads\/sites\/4\/2017\/04\/img_3084-360x270.jpg 360w\" sizes=\"auto, (max-width: 4032px) 100vw, 4032px\" \/><\/a><a href=\"https:\/\/carnetsdevoyage.net\/mallorca2017\/wp-content\/uploads\/sites\/4\/2017\/04\/img_3082.jpg\"><img loading=\"lazy\" decoding=\"async\" class=\"aligncenter size-full wp-image-90\" title=\"\" src=\"https:\/\/carnetsdevoyage.net\/mallorca2017\/wp-content\/uploads\/sites\/4\/2017\/04\/img_3082.jpg\" alt=\"\" width=\"4032\" height=\"3024\" srcset=\"https:\/\/carnetsdevoyage.net\/mallorca2017\/wp-content\/uploads\/sites\/4\/2017\/04\/img_3082.jpg 4032w, https:\/\/carnetsdevoyage.net\/mallorca2017\/wp-content\/uploads\/sites\/4\/2017\/04\/img_3082-300x225.jpg 300w, https:\/\/carnetsdevoyage.net\/mallorca2017\/wp-content\/uploads\/sites\/4\/2017\/04\/img_3082-768x576.jpg 768w, https:\/\/carnetsdevoyage.net\/mallorca2017\/wp-content\/uploads\/sites\/4\/2017\/04\/img_3082-1024x768.jpg 1024w, https:\/\/carnetsdevoyage.net\/mallorca2017\/wp-content\/uploads\/sites\/4\/2017\/04\/img_3082-360x270.jpg 360w\" sizes=\"auto, (max-width: 4032px) 100vw, 4032px\" \/><\/a><a href=\"https:\/\/carnetsdevoyage.net\/mallorca2017\/wp-content\/uploads\/sites\/4\/2017\/04\/img_3080.jpg\"><img loading=\"lazy\" decoding=\"async\" class=\"aligncenter size-full wp-image-93\" title=\"\" src=\"https:\/\/carnetsdevoyage.net\/mallorca2017\/wp-content\/uploads\/sites\/4\/2017\/04\/img_3080.jpg\" alt=\"\" width=\"4032\" height=\"3024\" srcset=\"https:\/\/carnetsdevoyage.net\/mallorca2017\/wp-content\/uploads\/sites\/4\/2017\/04\/img_3080.jpg 4032w, https:\/\/carnetsdevoyage.net\/mallorca2017\/wp-content\/uploads\/sites\/4\/2017\/04\/img_3080-300x225.jpg 300w, https:\/\/carnetsdevoyage.net\/mallorca2017\/wp-content\/uploads\/sites\/4\/2017\/04\/img_3080-768x576.jpg 768w, https:\/\/carnetsdevoyage.net\/mallorca2017\/wp-content\/uploads\/sites\/4\/2017\/04\/img_3080-1024x768.jpg 1024w, https:\/\/carnetsdevoyage.net\/mallorca2017\/wp-content\/uploads\/sites\/4\/2017\/04\/img_3080-360x270.jpg 360w\" sizes=\"auto, (max-width: 4032px) 100vw, 4032px\" \/><\/a><a href=\"https:\/\/carnetsdevoyage.net\/mallorca2017\/wp-content\/uploads\/sites\/4\/2017\/04\/img_3078.jpg\"><img loading=\"lazy\" decoding=\"async\" class=\"aligncenter size-full wp-image-91\" title=\"\" src=\"https:\/\/carnetsdevoyage.net\/mallorca2017\/wp-content\/uploads\/sites\/4\/2017\/04\/img_3078.jpg\" alt=\"\" width=\"4032\" height=\"3024\" srcset=\"https:\/\/carnetsdevoyage.net\/mallorca2017\/wp-content\/uploads\/sites\/4\/2017\/04\/img_3078.jpg 4032w, https:\/\/carnetsdevoyage.net\/mallorca2017\/wp-content\/uploads\/sites\/4\/2017\/04\/img_3078-300x225.jpg 300w, https:\/\/carnetsdevoyage.net\/mallorca2017\/wp-content\/uploads\/sites\/4\/2017\/04\/img_3078-768x576.jpg 768w, https:\/\/carnetsdevoyage.net\/mallorca2017\/wp-content\/uploads\/sites\/4\/2017\/04\/img_3078-1024x768.jpg 1024w, https:\/\/carnetsdevoyage.net\/mallorca2017\/wp-content\/uploads\/sites\/4\/2017\/04\/img_3078-360x270.jpg 360w\" sizes=\"auto, (max-width: 4032px) 100vw, 4032px\" \/><\/a><a href=\"https:\/\/carnetsdevoyage.net\/mallorca2017\/wp-content\/uploads\/sites\/4\/2017\/04\/img_3079.jpg\"><img loading=\"lazy\" decoding=\"async\" class=\"aligncenter size-full wp-image-94\" title=\"\" src=\"https:\/\/carnetsdevoyage.net\/mallorca2017\/wp-content\/uploads\/sites\/4\/2017\/04\/img_3079.jpg\" alt=\"\" width=\"4032\" height=\"3024\" srcset=\"https:\/\/carnetsdevoyage.net\/mallorca2017\/wp-content\/uploads\/sites\/4\/2017\/04\/img_3079.jpg 4032w, https:\/\/carnetsdevoyage.net\/mallorca2017\/wp-content\/uploads\/sites\/4\/2017\/04\/img_3079-300x225.jpg 300w, https:\/\/carnetsdevoyage.net\/mallorca2017\/wp-content\/uploads\/sites\/4\/2017\/04\/img_3079-768x576.jpg 768w, https:\/\/carnetsdevoyage.net\/mallorca2017\/wp-content\/uploads\/sites\/4\/2017\/04\/img_3079-1024x768.jpg 1024w, https:\/\/carnetsdevoyage.net\/mallorca2017\/wp-content\/uploads\/sites\/4\/2017\/04\/img_3079-360x270.jpg 360w\" sizes=\"auto, (max-width: 4032px) 100vw, 4032px\" \/><\/a><br \/>\nEn chemin nous sommes pass\u00e9s devant Tunel, notre fournisseur attitr\u00e9 de Palo et de Hierbas&#8230;<\/p>\n<p><a href=\"https:\/\/carnetsdevoyage.net\/mallorca2017\/wp-content\/uploads\/sites\/4\/2017\/04\/img_3076.jpg\"><img loading=\"lazy\" decoding=\"async\" class=\"aligncenter size-full wp-image-95\" title=\"\" src=\"https:\/\/carnetsdevoyage.net\/mallorca2017\/wp-content\/uploads\/sites\/4\/2017\/04\/img_3076.jpg\" alt=\"\" width=\"4032\" height=\"3024\" srcset=\"https:\/\/carnetsdevoyage.net\/mallorca2017\/wp-content\/uploads\/sites\/4\/2017\/04\/img_3076.jpg 4032w, https:\/\/carnetsdevoyage.net\/mallorca2017\/wp-content\/uploads\/sites\/4\/2017\/04\/img_3076-300x225.jpg 300w, https:\/\/carnetsdevoyage.net\/mallorca2017\/wp-content\/uploads\/sites\/4\/2017\/04\/img_3076-768x576.jpg 768w, https:\/\/carnetsdevoyage.net\/mallorca2017\/wp-content\/uploads\/sites\/4\/2017\/04\/img_3076-1024x768.jpg 1024w, https:\/\/carnetsdevoyage.net\/mallorca2017\/wp-content\/uploads\/sites\/4\/2017\/04\/img_3076-360x270.jpg 360w\" sizes=\"auto, (max-width: 4032px) 100vw, 4032px\" \/><\/a><a href=\"https:\/\/carnetsdevoyage.net\/mallorca2017\/wp-content\/uploads\/sites\/4\/2017\/04\/img_3075.jpg\"><img loading=\"lazy\" decoding=\"async\" class=\"aligncenter size-full wp-image-96\" title=\"\" src=\"https:\/\/carnetsdevoyage.net\/mallorca2017\/wp-content\/uploads\/sites\/4\/2017\/04\/img_3075.jpg\" alt=\"\" width=\"4032\" height=\"3024\" srcset=\"https:\/\/carnetsdevoyage.net\/mallorca2017\/wp-content\/uploads\/sites\/4\/2017\/04\/img_3075.jpg 4032w, https:\/\/carnetsdevoyage.net\/mallorca2017\/wp-content\/uploads\/sites\/4\/2017\/04\/img_3075-300x225.jpg 300w, https:\/\/carnetsdevoyage.net\/mallorca2017\/wp-content\/uploads\/sites\/4\/2017\/04\/img_3075-768x576.jpg 768w, https:\/\/carnetsdevoyage.net\/mallorca2017\/wp-content\/uploads\/sites\/4\/2017\/04\/img_3075-1024x768.jpg 1024w, https:\/\/carnetsdevoyage.net\/mallorca2017\/wp-content\/uploads\/sites\/4\/2017\/04\/img_3075-360x270.jpg 360w\" sizes=\"auto, (max-width: 4032px) 100vw, 4032px\" \/><\/a><\/p>\n","protected":false},"excerpt":{"rendered":"<p>Deux petites heures d&rsquo;avion et nous voil\u00e0 en \u00e9t\u00e9&#8230; Pour une fois le vol a \u00e9t\u00e9 plus rapide que pr\u00e9vu et nous sommes arriv\u00e9s avec presque une demie heure d&rsquo;avance. Un passage chez les tantes et oncles et ensuite direction Port de Pollen\u00e7a. Notre appartement est tr\u00e8s sympa et une bonne semaine en perspective \u00e0 passer ici&#8230; En chemin nous sommes pass\u00e9s devant Tunel, notre fournisseur attitr\u00e9 de Palo et de Hierbas&#8230;<\/p>\n","protected":false},"author":2,"featured_media":0,"comment_status":"open","ping_status":"open","sticky":false,"template":"","format":"standard","meta":{"_crdt_document":"","footnotes":""},"categories":[1],"tags":[],"class_list":["post-97","post","type-post","status-publish","format-standard","hentry","category-non-classe"],"_links":{"self":[{"href":"https:\/\/carnetsdevoyage.net\/mallorca2017\/wp-json\/wp\/v2\/posts\/97","targetHints":{"allow":["GET"]}}],"collection":[{"href":"https:\/\/carnetsdevoyage.net\/mallorca2017\/wp-json\/wp\/v2\/posts"}],"about":[{"href":"https:\/\/carnetsdevoyage.net\/mallorca2017\/wp-json\/wp\/v2\/types\/post"}],"author":[{"embeddable":true,"href":"https:\/\/carnetsdevoyage.net\/mallorca2017\/wp-json\/wp\/v2\/users\/2"}],"replies":[{"embeddable":true,"href":"https:\/\/carnetsdevoyage.net\/mallorca2017\/wp-json\/wp\/v2\/comments?post=97"}],"version-history":[{"count":0,"href":"https:\/\/carnetsdevoyage.net\/mallorca2017\/wp-json\/wp\/v2\/posts\/97\/revisions"}],"wp:attachment":[{"href":"https:\/\/carnetsdevoyage.net\/mallorca2017\/wp-json\/wp\/v2\/media?parent=97"}],"wp:term":[{"taxonomy":"category","embeddable":true,"href":"https:\/\/carnetsdevoyage.net\/mallorca2017\/wp-json\/wp\/v2\/categories?post=97"},{"taxonomy":"post_tag","embeddable":true,"href":"https:\/\/carnetsdevoyage.net\/mallorca2017\/wp-json\/wp\/v2\/tags?post=97"}],"curies":[{"name":"wp","href":"https:\/\/api.w.org\/{rel}","templated":true}]}}