{"id":1148,"date":"2018-08-14T12:55:25","date_gmt":"2018-08-14T10:55:25","guid":{"rendered":"http:\/\/carnetsdevoyage.net\/yucatan2018\/?p=1148"},"modified":"2018-12-13T09:56:08","modified_gmt":"2018-12-13T08:56:08","slug":"petite-journee-a-bacalar","status":"publish","type":"post","link":"https:\/\/carnetsdevoyage.net\/yucatan2018\/2018\/08\/14\/petite-journee-a-bacalar\/","title":{"rendered":"Petite journ\u00e9e \u00e0 bacalar"},"content":{"rendered":"<p>Un vrai temps de pays tropical aujourd&rsquo;hui ! Il a fait tr\u00e8s beau et tr\u00e8s chaud toute la journ\u00e9e, avec beaucoup de vent. On a fait une longue pause au bord de la lagune, du genre exp\u00e9dition chaise longue et baignade ! A midi, on a fait un petit tour dans le village de Bacalar. C&rsquo;est mignon, avec une vrai ambiance de bord de mer.<\/p>\n<p><img loading=\"lazy\" decoding=\"async\" class=\"alignnone size-medium wp-image-1149\" src=\"https:\/\/carnetsdevoyage.net\/yucatan2018\/wp-content\/uploads\/sites\/3\/2018\/08\/DSC02112-Copier-1024x578.jpg\" alt=\"\" width=\"1024\" height=\"578\" srcset=\"https:\/\/carnetsdevoyage.net\/yucatan2018\/wp-content\/uploads\/sites\/3\/2018\/08\/DSC02112-Copier-1024x578.jpg 1024w, https:\/\/carnetsdevoyage.net\/yucatan2018\/wp-content\/uploads\/sites\/3\/2018\/08\/DSC02112-Copier-768x433.jpg 768w, https:\/\/carnetsdevoyage.net\/yucatan2018\/wp-content\/uploads\/sites\/3\/2018\/08\/DSC02112-Copier-479x270.jpg 479w, https:\/\/carnetsdevoyage.net\/yucatan2018\/wp-content\/uploads\/sites\/3\/2018\/08\/DSC02112-Copier.jpg 1404w\" sizes=\"auto, (max-width: 1024px) 100vw, 1024px\" \/><\/p>\n<p>Les premiers habitants du lieu sont bien entendu les Mayas, qui perdent la ville au profit des espagnols en 1545, qui la baptisent Salamanca de Bacalar. Pour contrer les attaques pirates au XVII\u00e8me si\u00e8cle, le fort San Felipe Bacalar est \u00e9rig\u00e9. Nous irons le visiter un de ces jours !<\/p>\n<p><img loading=\"lazy\" decoding=\"async\" class=\"size-medium wp-image-1150 aligncenter\" src=\"https:\/\/carnetsdevoyage.net\/yucatan2018\/wp-content\/uploads\/sites\/3\/2018\/08\/DSC02113-Copier-1024x578.jpg\" alt=\"\" width=\"1024\" height=\"578\" srcset=\"https:\/\/carnetsdevoyage.net\/yucatan2018\/wp-content\/uploads\/sites\/3\/2018\/08\/DSC02113-Copier-1024x578.jpg 1024w, https:\/\/carnetsdevoyage.net\/yucatan2018\/wp-content\/uploads\/sites\/3\/2018\/08\/DSC02113-Copier-768x433.jpg 768w, https:\/\/carnetsdevoyage.net\/yucatan2018\/wp-content\/uploads\/sites\/3\/2018\/08\/DSC02113-Copier-479x270.jpg 479w, https:\/\/carnetsdevoyage.net\/yucatan2018\/wp-content\/uploads\/sites\/3\/2018\/08\/DSC02113-Copier.jpg 1404w\" sizes=\"auto, (max-width: 1024px) 100vw, 1024px\" \/><\/p>\n<p><img loading=\"lazy\" decoding=\"async\" class=\"size-medium wp-image-1151 aligncenter\" src=\"https:\/\/carnetsdevoyage.net\/yucatan2018\/wp-content\/uploads\/sites\/3\/2018\/08\/DSC02114-Copier-1024x578.jpg\" alt=\"\" width=\"1024\" height=\"578\" srcset=\"https:\/\/carnetsdevoyage.net\/yucatan2018\/wp-content\/uploads\/sites\/3\/2018\/08\/DSC02114-Copier-1024x578.jpg 1024w, https:\/\/carnetsdevoyage.net\/yucatan2018\/wp-content\/uploads\/sites\/3\/2018\/08\/DSC02114-Copier-768x433.jpg 768w, https:\/\/carnetsdevoyage.net\/yucatan2018\/wp-content\/uploads\/sites\/3\/2018\/08\/DSC02114-Copier-479x270.jpg 479w, https:\/\/carnetsdevoyage.net\/yucatan2018\/wp-content\/uploads\/sites\/3\/2018\/08\/DSC02114-Copier.jpg 1404w\" sizes=\"auto, (max-width: 1024px) 100vw, 1024px\" \/><\/p>\n<p><img loading=\"lazy\" decoding=\"async\" class=\"size-medium wp-image-1152 aligncenter\" src=\"https:\/\/carnetsdevoyage.net\/yucatan2018\/wp-content\/uploads\/sites\/3\/2018\/08\/DSC02115-Copier-1024x578.jpg\" alt=\"\" width=\"1024\" height=\"578\" srcset=\"https:\/\/carnetsdevoyage.net\/yucatan2018\/wp-content\/uploads\/sites\/3\/2018\/08\/DSC02115-Copier-1024x578.jpg 1024w, https:\/\/carnetsdevoyage.net\/yucatan2018\/wp-content\/uploads\/sites\/3\/2018\/08\/DSC02115-Copier-768x433.jpg 768w, https:\/\/carnetsdevoyage.net\/yucatan2018\/wp-content\/uploads\/sites\/3\/2018\/08\/DSC02115-Copier-479x270.jpg 479w, https:\/\/carnetsdevoyage.net\/yucatan2018\/wp-content\/uploads\/sites\/3\/2018\/08\/DSC02115-Copier.jpg 1404w\" sizes=\"auto, (max-width: 1024px) 100vw, 1024px\" \/><\/p>\n<p>On peut voir les belles couleurs de la lagune. Certains endroits paraissent irr\u00e9els ! Samedi matin, nous irons faire une belle promenade de d\u00e9couverte en bateau dessus.<\/p>\n<p><img loading=\"lazy\" decoding=\"async\" class=\"size-medium wp-image-1153 aligncenter\" src=\"https:\/\/carnetsdevoyage.net\/yucatan2018\/wp-content\/uploads\/sites\/3\/2018\/08\/DSC02117-Copier-1024x578.jpg\" alt=\"\" width=\"1024\" height=\"578\" srcset=\"https:\/\/carnetsdevoyage.net\/yucatan2018\/wp-content\/uploads\/sites\/3\/2018\/08\/DSC02117-Copier-1024x578.jpg 1024w, https:\/\/carnetsdevoyage.net\/yucatan2018\/wp-content\/uploads\/sites\/3\/2018\/08\/DSC02117-Copier-768x433.jpg 768w, https:\/\/carnetsdevoyage.net\/yucatan2018\/wp-content\/uploads\/sites\/3\/2018\/08\/DSC02117-Copier-479x270.jpg 479w, https:\/\/carnetsdevoyage.net\/yucatan2018\/wp-content\/uploads\/sites\/3\/2018\/08\/DSC02117-Copier.jpg 1404w\" sizes=\"auto, (max-width: 1024px) 100vw, 1024px\" \/><\/p>\n<p><img loading=\"lazy\" decoding=\"async\" class=\"size-medium wp-image-1154 aligncenter\" src=\"https:\/\/carnetsdevoyage.net\/yucatan2018\/wp-content\/uploads\/sites\/3\/2018\/08\/DSC02118-Copier-1024x578.jpg\" alt=\"\" width=\"1024\" height=\"578\" srcset=\"https:\/\/carnetsdevoyage.net\/yucatan2018\/wp-content\/uploads\/sites\/3\/2018\/08\/DSC02118-Copier-1024x578.jpg 1024w, https:\/\/carnetsdevoyage.net\/yucatan2018\/wp-content\/uploads\/sites\/3\/2018\/08\/DSC02118-Copier-768x433.jpg 768w, https:\/\/carnetsdevoyage.net\/yucatan2018\/wp-content\/uploads\/sites\/3\/2018\/08\/DSC02118-Copier-479x270.jpg 479w, https:\/\/carnetsdevoyage.net\/yucatan2018\/wp-content\/uploads\/sites\/3\/2018\/08\/DSC02118-Copier.jpg 1404w\" sizes=\"auto, (max-width: 1024px) 100vw, 1024px\" \/><\/p>\n<p>Un peu dans l&rsquo;esprit d&rsquo;Holbox, on trouve pas mal de peintures sur les maisons.<\/p>\n<p><img loading=\"lazy\" decoding=\"async\" class=\"size-medium wp-image-1155 aligncenter\" src=\"https:\/\/carnetsdevoyage.net\/yucatan2018\/wp-content\/uploads\/sites\/3\/2018\/08\/DSC02120-Copier-1024x578.jpg\" alt=\"\" width=\"1024\" height=\"578\" srcset=\"https:\/\/carnetsdevoyage.net\/yucatan2018\/wp-content\/uploads\/sites\/3\/2018\/08\/DSC02120-Copier-1024x578.jpg 1024w, https:\/\/carnetsdevoyage.net\/yucatan2018\/wp-content\/uploads\/sites\/3\/2018\/08\/DSC02120-Copier-768x433.jpg 768w, https:\/\/carnetsdevoyage.net\/yucatan2018\/wp-content\/uploads\/sites\/3\/2018\/08\/DSC02120-Copier-479x270.jpg 479w, https:\/\/carnetsdevoyage.net\/yucatan2018\/wp-content\/uploads\/sites\/3\/2018\/08\/DSC02120-Copier.jpg 1404w\" sizes=\"auto, (max-width: 1024px) 100vw, 1024px\" \/><\/p>\n<p><img loading=\"lazy\" decoding=\"async\" class=\"size-medium wp-image-1156 aligncenter\" src=\"https:\/\/carnetsdevoyage.net\/yucatan2018\/wp-content\/uploads\/sites\/3\/2018\/08\/DSC02121-Copier-1024x578.jpg\" alt=\"\" width=\"1024\" height=\"578\" srcset=\"https:\/\/carnetsdevoyage.net\/yucatan2018\/wp-content\/uploads\/sites\/3\/2018\/08\/DSC02121-Copier-1024x578.jpg 1024w, https:\/\/carnetsdevoyage.net\/yucatan2018\/wp-content\/uploads\/sites\/3\/2018\/08\/DSC02121-Copier-768x433.jpg 768w, https:\/\/carnetsdevoyage.net\/yucatan2018\/wp-content\/uploads\/sites\/3\/2018\/08\/DSC02121-Copier-479x270.jpg 479w, https:\/\/carnetsdevoyage.net\/yucatan2018\/wp-content\/uploads\/sites\/3\/2018\/08\/DSC02121-Copier.jpg 1404w\" sizes=\"auto, (max-width: 1024px) 100vw, 1024px\" \/><\/p>\n<p>Vers 18 heures, un tr\u00e8s fort orage nous est tomb\u00e9 sur la t\u00eate, pendant une vingtaine de minutes. Un peu comme en Asie, apr\u00e8s son passage, le vent s&rsquo;est arr\u00eat\u00e9, et le ciel s&rsquo;est d\u00e9gag\u00e9 ! A priori, il pleut presque tous les jours en fin de journ\u00e9e ici.<\/p>\n<p>Demain, ballades dans le coin, peut \u00eatre un cenote !<\/p>\n<p>A demain !<\/p>\n","protected":false},"excerpt":{"rendered":"<p>Un vrai temps de pays tropical aujourd&rsquo;hui ! Il a fait tr\u00e8s beau et tr\u00e8s chaud toute la journ\u00e9e, avec beaucoup de vent. On a fait une longue pause au bord de la lagune, du genre exp\u00e9dition chaise longue et baignade ! A midi, on a fait un petit tour dans le village de Bacalar. C&rsquo;est mignon, avec une vrai ambiance de bord de mer. Les premiers habitants du lieu sont bien entendu les Mayas, qui perdent la ville au&#8230;<\/p>\n<p class=\"read-more\"><a class=\"btn btn-default\" href=\"https:\/\/carnetsdevoyage.net\/yucatan2018\/2018\/08\/14\/petite-journee-a-bacalar\/\">Lire la suite<span class=\"screen-reader-text\"> Lire la suite<\/span><\/a><\/p>\n","protected":false},"author":2,"featured_media":0,"comment_status":"open","ping_status":"open","sticky":false,"template":"","format":"standard","meta":{"_crdt_document":"","footnotes":""},"categories":[1],"tags":[],"class_list":["post-1148","post","type-post","status-publish","format-standard","hentry","category-non-classe"],"_links":{"self":[{"href":"https:\/\/carnetsdevoyage.net\/yucatan2018\/wp-json\/wp\/v2\/posts\/1148","targetHints":{"allow":["GET"]}}],"collection":[{"href":"https:\/\/carnetsdevoyage.net\/yucatan2018\/wp-json\/wp\/v2\/posts"}],"about":[{"href":"https:\/\/carnetsdevoyage.net\/yucatan2018\/wp-json\/wp\/v2\/types\/post"}],"author":[{"embeddable":true,"href":"https:\/\/carnetsdevoyage.net\/yucatan2018\/wp-json\/wp\/v2\/users\/2"}],"replies":[{"embeddable":true,"href":"https:\/\/carnetsdevoyage.net\/yucatan2018\/wp-json\/wp\/v2\/comments?post=1148"}],"version-history":[{"count":3,"href":"https:\/\/carnetsdevoyage.net\/yucatan2018\/wp-json\/wp\/v2\/posts\/1148\/revisions"}],"predecessor-version":[{"id":1159,"href":"https:\/\/carnetsdevoyage.net\/yucatan2018\/wp-json\/wp\/v2\/posts\/1148\/revisions\/1159"}],"wp:attachment":[{"href":"https:\/\/carnetsdevoyage.net\/yucatan2018\/wp-json\/wp\/v2\/media?parent=1148"}],"wp:term":[{"taxonomy":"category","embeddable":true,"href":"https:\/\/carnetsdevoyage.net\/yucatan2018\/wp-json\/wp\/v2\/categories?post=1148"},{"taxonomy":"post_tag","embeddable":true,"href":"https:\/\/carnetsdevoyage.net\/yucatan2018\/wp-json\/wp\/v2\/tags?post=1148"}],"curies":[{"name":"wp","href":"https:\/\/api.w.org\/{rel}","templated":true}]}}