{"id":1262,"date":"2018-08-14T12:40:55","date_gmt":"2018-08-14T10:40:55","guid":{"rendered":"http:\/\/carnetsdevoyage.net\/yucatan2018\/?p=1262"},"modified":"2018-12-13T09:56:47","modified_gmt":"2018-12-13T08:56:47","slug":"la-lagune-aux-mille-couleurs","status":"publish","type":"post","link":"https:\/\/carnetsdevoyage.net\/yucatan2018\/2018\/08\/14\/la-lagune-aux-mille-couleurs\/","title":{"rendered":"La lagune aux mille couleurs !"},"content":{"rendered":"\n<p class=\"wp-block-paragraph\">En passant, j&rsquo;ai chang\u00e9 les images du bandeau&#8230; Ce sont toutes les miennes maintenant !<\/p>\n\n\n\n<p class=\"wp-block-paragraph\">Aujourd&rsquo;hui, excursion sur la lagune avec Kristel. C&rsquo;est pas souvent qu&rsquo;on fait de la pub, mais notre guide d&rsquo;aujourd&rsquo;hui \u00e9tait au top ! Kristel est une fran\u00e7aise install\u00e9e ici depuis plus de 25 ans&#8230; Elle a son bateau et organise des visites de la lagune depuis quelques ann\u00e9es. C&rsquo;est une vraie amoureuse du lieu et elle en conna\u00eet tous les coins ! Pour la trouver, son <a href=\"https:\/\/www.facebook.com\/PromenadeBacalarLagunakristal\/\" target=\"_blank\" rel=\"noopener\">Facebook<\/a> ou son adresse mail <a href=\"mailto:lagunakristal@gmail.com\" target=\"_blank\" rel=\"noopener\">Tour Bacalar Lagunakristal<\/a>. Sympa, souriante, on a pass\u00e9 un super moment!<\/p>\n\n\n\n<p class=\"wp-block-paragraph\">Apr\u00e8s, je vous pr\u00e9viens, \u00e7a va \u00eatre lassant ! Que des verts, des bleus, de l&rsquo;\u00e9meraude, du rose, du violet&#8230; La lagune aux 7 couleurs en compte bien plus. En fonction du soleil, du vent, de la profondeur, de l&rsquo;endroit, elle prend des teintes qui changent en permanence !<br\/><\/p>\n\n\n<div class=\"wp-block-image\">\n<figure class=\"aligncenter\"><img loading=\"lazy\" decoding=\"async\" width=\"1404\" height=\"792\" src=\"https:\/\/carnetsdevoyage.net\/yucatan2018\/wp-content\/uploads\/sites\/3\/2018\/08\/DSC02192-Copier.jpg\" alt=\"\" class=\"wp-image-1237\" srcset=\"https:\/\/carnetsdevoyage.net\/yucatan2018\/wp-content\/uploads\/sites\/3\/2018\/08\/DSC02192-Copier.jpg 1404w, https:\/\/carnetsdevoyage.net\/yucatan2018\/wp-content\/uploads\/sites\/3\/2018\/08\/DSC02192-Copier-1024x578.jpg 1024w, https:\/\/carnetsdevoyage.net\/yucatan2018\/wp-content\/uploads\/sites\/3\/2018\/08\/DSC02192-Copier-768x433.jpg 768w, https:\/\/carnetsdevoyage.net\/yucatan2018\/wp-content\/uploads\/sites\/3\/2018\/08\/DSC02192-Copier-479x270.jpg 479w\" sizes=\"auto, (max-width: 1404px) 100vw, 1404px\" \/><\/figure>\n<\/div>\n\n\n<p class=\"wp-block-paragraph\">La balade a dur\u00e9 un peu plus de trois heures, avec comme toujours ici un ciel qui change tout le temps ! Soleil, nuages, pluie pendant 5 minutes, vent, la m\u00e9t\u00e9o donne des couleurs aux photos diff\u00e9rentes \u00e0 chaque prise.<\/p>\n\n\n\n<p class=\"wp-block-paragraph\">Le village de Bacalar et son fort.<\/p>\n\n\n\n<p class=\"wp-block-paragraph\" style=\"text-align:left\"> <\/p>\n\n\n<div class=\"wp-block-image\">\n<figure class=\"aligncenter\"><img loading=\"lazy\" decoding=\"async\" width=\"1404\" height=\"792\" src=\"https:\/\/carnetsdevoyage.net\/yucatan2018\/wp-content\/uploads\/sites\/3\/2018\/08\/DSC02200-Copier.jpg\" alt=\"\" class=\"wp-image-1240\" srcset=\"https:\/\/carnetsdevoyage.net\/yucatan2018\/wp-content\/uploads\/sites\/3\/2018\/08\/DSC02200-Copier.jpg 1404w, https:\/\/carnetsdevoyage.net\/yucatan2018\/wp-content\/uploads\/sites\/3\/2018\/08\/DSC02200-Copier-1024x578.jpg 1024w, https:\/\/carnetsdevoyage.net\/yucatan2018\/wp-content\/uploads\/sites\/3\/2018\/08\/DSC02200-Copier-768x433.jpg 768w, https:\/\/carnetsdevoyage.net\/yucatan2018\/wp-content\/uploads\/sites\/3\/2018\/08\/DSC02200-Copier-479x270.jpg 479w\" sizes=\"auto, (max-width: 1404px) 100vw, 1404px\" \/><\/figure>\n<\/div>\n\n<div class=\"wp-block-image\">\n<figure class=\"aligncenter\"><img loading=\"lazy\" decoding=\"async\" width=\"1404\" height=\"792\" src=\"https:\/\/carnetsdevoyage.net\/yucatan2018\/wp-content\/uploads\/sites\/3\/2018\/08\/DSC02198-Copier.jpg\" alt=\"\" class=\"wp-image-1239\" srcset=\"https:\/\/carnetsdevoyage.net\/yucatan2018\/wp-content\/uploads\/sites\/3\/2018\/08\/DSC02198-Copier.jpg 1404w, https:\/\/carnetsdevoyage.net\/yucatan2018\/wp-content\/uploads\/sites\/3\/2018\/08\/DSC02198-Copier-1024x578.jpg 1024w, https:\/\/carnetsdevoyage.net\/yucatan2018\/wp-content\/uploads\/sites\/3\/2018\/08\/DSC02198-Copier-768x433.jpg 768w, https:\/\/carnetsdevoyage.net\/yucatan2018\/wp-content\/uploads\/sites\/3\/2018\/08\/DSC02198-Copier-479x270.jpg 479w\" sizes=\"auto, (max-width: 1404px) 100vw, 1404px\" \/><\/figure>\n<\/div>\n\n\n<p class=\"wp-block-paragraph\">On a d\u00e9j\u00e0 parl\u00e9 des stromatolithes. On en a appris davantage&#8230; Ils existent sur la lagune depuis plus de 10 000 ans et continuent \u00e0 croitre ici. Ils sont en partie responsables de la couleur de l&rsquo;eau et de sa limpidit\u00e9. Ils produisent beaucoup d&rsquo;oxyg\u00e8ne, et un m\u00e8tre carr\u00e9 de stromatolites produit 100 fois plus d&rsquo;oxyg\u00e8ne que la m\u00eame surface de for\u00eat ! Ici, la plus grande zone de stromatolites mesure 12 km sur 3.<\/p>\n\n\n\n<p class=\"wp-block-paragraph\">La c\u00f4te est de la lagune est tr\u00e8s vaseuse, et c&rsquo;est le filtre principal de l&rsquo;eau ici. Le fond est compos\u00e9 de sable calcaire. la lagune est aliment\u00e9e en eau par 5 cenotes qui la bordent, et elle alimente ensuite 5 autres petites lagunes entre ici et la mer. Son eau est renouvel\u00e9e en permanence. Il existe un acc\u00e8s \u00e0 la mer qui a \u00e9t\u00e9 cr\u00e9\u00e9 par les mayas et a permis pendant des ann\u00e9es \u00e0 des boucaniers de venir ici pr\u00e9lever des bois pr\u00e9cieux. Cet acc\u00e8s est tr\u00e8s difficile et tr\u00e8s \u00e9troit et serpente \u00e0 travers les mangroves et les autres lagunes. <\/p>\n\n\n<div class=\"wp-block-image\">\n<figure class=\"aligncenter\"><img loading=\"lazy\" decoding=\"async\" width=\"1404\" height=\"792\" src=\"https:\/\/carnetsdevoyage.net\/yucatan2018\/wp-content\/uploads\/sites\/3\/2018\/08\/DSC02205-Copier.jpg\" alt=\"\" class=\"wp-image-1241\" srcset=\"https:\/\/carnetsdevoyage.net\/yucatan2018\/wp-content\/uploads\/sites\/3\/2018\/08\/DSC02205-Copier.jpg 1404w, https:\/\/carnetsdevoyage.net\/yucatan2018\/wp-content\/uploads\/sites\/3\/2018\/08\/DSC02205-Copier-1024x578.jpg 1024w, https:\/\/carnetsdevoyage.net\/yucatan2018\/wp-content\/uploads\/sites\/3\/2018\/08\/DSC02205-Copier-768x433.jpg 768w, https:\/\/carnetsdevoyage.net\/yucatan2018\/wp-content\/uploads\/sites\/3\/2018\/08\/DSC02205-Copier-479x270.jpg 479w\" sizes=\"auto, (max-width: 1404px) 100vw, 1404px\" \/><\/figure>\n<\/div>\n\n<div class=\"wp-block-image\">\n<figure class=\"aligncenter\"><img loading=\"lazy\" decoding=\"async\" width=\"1404\" height=\"792\" src=\"https:\/\/carnetsdevoyage.net\/yucatan2018\/wp-content\/uploads\/sites\/3\/2018\/08\/DSC02215-Copier.jpg\" alt=\"\" class=\"wp-image-1245\" srcset=\"https:\/\/carnetsdevoyage.net\/yucatan2018\/wp-content\/uploads\/sites\/3\/2018\/08\/DSC02215-Copier.jpg 1404w, https:\/\/carnetsdevoyage.net\/yucatan2018\/wp-content\/uploads\/sites\/3\/2018\/08\/DSC02215-Copier-1024x578.jpg 1024w, https:\/\/carnetsdevoyage.net\/yucatan2018\/wp-content\/uploads\/sites\/3\/2018\/08\/DSC02215-Copier-768x433.jpg 768w, https:\/\/carnetsdevoyage.net\/yucatan2018\/wp-content\/uploads\/sites\/3\/2018\/08\/DSC02215-Copier-479x270.jpg 479w\" sizes=\"auto, (max-width: 1404px) 100vw, 1404px\" \/><\/figure>\n<\/div>\n\n<div class=\"wp-block-image\">\n<figure class=\"aligncenter\"><img loading=\"lazy\" decoding=\"async\" width=\"1404\" height=\"792\" src=\"https:\/\/carnetsdevoyage.net\/yucatan2018\/wp-content\/uploads\/sites\/3\/2018\/08\/DSC02214-Copier.jpg\" alt=\"\" class=\"wp-image-1244\" srcset=\"https:\/\/carnetsdevoyage.net\/yucatan2018\/wp-content\/uploads\/sites\/3\/2018\/08\/DSC02214-Copier.jpg 1404w, https:\/\/carnetsdevoyage.net\/yucatan2018\/wp-content\/uploads\/sites\/3\/2018\/08\/DSC02214-Copier-1024x578.jpg 1024w, https:\/\/carnetsdevoyage.net\/yucatan2018\/wp-content\/uploads\/sites\/3\/2018\/08\/DSC02214-Copier-768x433.jpg 768w, https:\/\/carnetsdevoyage.net\/yucatan2018\/wp-content\/uploads\/sites\/3\/2018\/08\/DSC02214-Copier-479x270.jpg 479w\" sizes=\"auto, (max-width: 1404px) 100vw, 1404px\" \/><\/figure>\n<\/div>\n\n<div class=\"wp-block-image\">\n<figure class=\"aligncenter\"><img loading=\"lazy\" decoding=\"async\" width=\"1404\" height=\"792\" src=\"https:\/\/carnetsdevoyage.net\/yucatan2018\/wp-content\/uploads\/sites\/3\/2018\/08\/DSC02224-Copier.jpg\" alt=\"\" class=\"wp-image-1247\" srcset=\"https:\/\/carnetsdevoyage.net\/yucatan2018\/wp-content\/uploads\/sites\/3\/2018\/08\/DSC02224-Copier.jpg 1404w, https:\/\/carnetsdevoyage.net\/yucatan2018\/wp-content\/uploads\/sites\/3\/2018\/08\/DSC02224-Copier-1024x578.jpg 1024w, https:\/\/carnetsdevoyage.net\/yucatan2018\/wp-content\/uploads\/sites\/3\/2018\/08\/DSC02224-Copier-768x433.jpg 768w, https:\/\/carnetsdevoyage.net\/yucatan2018\/wp-content\/uploads\/sites\/3\/2018\/08\/DSC02224-Copier-479x270.jpg 479w\" sizes=\"auto, (max-width: 1404px) 100vw, 1404px\" \/><\/figure>\n<\/div>\n\n<div class=\"wp-block-image\">\n<figure class=\"aligncenter\"><img loading=\"lazy\" decoding=\"async\" width=\"1404\" height=\"792\" src=\"https:\/\/carnetsdevoyage.net\/yucatan2018\/wp-content\/uploads\/sites\/3\/2018\/08\/20180804_100020-Copier.jpg\" alt=\"\" class=\"wp-image-1250\" srcset=\"https:\/\/carnetsdevoyage.net\/yucatan2018\/wp-content\/uploads\/sites\/3\/2018\/08\/20180804_100020-Copier.jpg 1404w, https:\/\/carnetsdevoyage.net\/yucatan2018\/wp-content\/uploads\/sites\/3\/2018\/08\/20180804_100020-Copier-1024x578.jpg 1024w, https:\/\/carnetsdevoyage.net\/yucatan2018\/wp-content\/uploads\/sites\/3\/2018\/08\/20180804_100020-Copier-768x433.jpg 768w, https:\/\/carnetsdevoyage.net\/yucatan2018\/wp-content\/uploads\/sites\/3\/2018\/08\/20180804_100020-Copier-479x270.jpg 479w\" sizes=\"auto, (max-width: 1404px) 100vw, 1404px\" \/><\/figure>\n<\/div>\n\n\n<p class=\"wp-block-paragraph\">Les stromatolites permettent aussi \u00e0 la mangrove de s&rsquo;installer et cr\u00e9ent des zones de vie importantes.<\/p>\n\n\n<div class=\"wp-block-image\">\n<figure class=\"aligncenter\"><img loading=\"lazy\" decoding=\"async\" width=\"1404\" height=\"792\" src=\"https:\/\/carnetsdevoyage.net\/yucatan2018\/wp-content\/uploads\/sites\/3\/2018\/08\/20180804_100312-Copier.jpg\" alt=\"\" class=\"wp-image-1251\" srcset=\"https:\/\/carnetsdevoyage.net\/yucatan2018\/wp-content\/uploads\/sites\/3\/2018\/08\/20180804_100312-Copier.jpg 1404w, https:\/\/carnetsdevoyage.net\/yucatan2018\/wp-content\/uploads\/sites\/3\/2018\/08\/20180804_100312-Copier-1024x578.jpg 1024w, https:\/\/carnetsdevoyage.net\/yucatan2018\/wp-content\/uploads\/sites\/3\/2018\/08\/20180804_100312-Copier-768x433.jpg 768w, https:\/\/carnetsdevoyage.net\/yucatan2018\/wp-content\/uploads\/sites\/3\/2018\/08\/20180804_100312-Copier-479x270.jpg 479w\" sizes=\"auto, (max-width: 1404px) 100vw, 1404px\" \/><\/figure>\n<\/div>\n\n<div class=\"wp-block-image\">\n<figure class=\"aligncenter\"><img loading=\"lazy\" decoding=\"async\" width=\"1404\" height=\"792\" src=\"https:\/\/carnetsdevoyage.net\/yucatan2018\/wp-content\/uploads\/sites\/3\/2018\/08\/20180804_100559-Copier.jpg\" alt=\"\" class=\"wp-image-1252\" srcset=\"https:\/\/carnetsdevoyage.net\/yucatan2018\/wp-content\/uploads\/sites\/3\/2018\/08\/20180804_100559-Copier.jpg 1404w, https:\/\/carnetsdevoyage.net\/yucatan2018\/wp-content\/uploads\/sites\/3\/2018\/08\/20180804_100559-Copier-1024x578.jpg 1024w, https:\/\/carnetsdevoyage.net\/yucatan2018\/wp-content\/uploads\/sites\/3\/2018\/08\/20180804_100559-Copier-768x433.jpg 768w, https:\/\/carnetsdevoyage.net\/yucatan2018\/wp-content\/uploads\/sites\/3\/2018\/08\/20180804_100559-Copier-479x270.jpg 479w\" sizes=\"auto, (max-width: 1404px) 100vw, 1404px\" \/><\/figure>\n<\/div>\n\n<div class=\"wp-block-image\">\n<figure class=\"aligncenter\"><img loading=\"lazy\" decoding=\"async\" width=\"1404\" height=\"792\" src=\"https:\/\/carnetsdevoyage.net\/yucatan2018\/wp-content\/uploads\/sites\/3\/2018\/08\/20180804_100745-Copier.jpg\" alt=\"\" class=\"wp-image-1254\" srcset=\"https:\/\/carnetsdevoyage.net\/yucatan2018\/wp-content\/uploads\/sites\/3\/2018\/08\/20180804_100745-Copier.jpg 1404w, https:\/\/carnetsdevoyage.net\/yucatan2018\/wp-content\/uploads\/sites\/3\/2018\/08\/20180804_100745-Copier-1024x578.jpg 1024w, https:\/\/carnetsdevoyage.net\/yucatan2018\/wp-content\/uploads\/sites\/3\/2018\/08\/20180804_100745-Copier-768x433.jpg 768w, https:\/\/carnetsdevoyage.net\/yucatan2018\/wp-content\/uploads\/sites\/3\/2018\/08\/20180804_100745-Copier-479x270.jpg 479w\" sizes=\"auto, (max-width: 1404px) 100vw, 1404px\" \/><\/figure>\n<\/div>\n\n<div class=\"wp-block-image\">\n<figure class=\"aligncenter\"><img loading=\"lazy\" decoding=\"async\" width=\"1404\" height=\"792\" src=\"https:\/\/carnetsdevoyage.net\/yucatan2018\/wp-content\/uploads\/sites\/3\/2018\/08\/20180804_101011-Copier.jpg\" alt=\"\" class=\"wp-image-1255\" srcset=\"https:\/\/carnetsdevoyage.net\/yucatan2018\/wp-content\/uploads\/sites\/3\/2018\/08\/20180804_101011-Copier.jpg 1404w, https:\/\/carnetsdevoyage.net\/yucatan2018\/wp-content\/uploads\/sites\/3\/2018\/08\/20180804_101011-Copier-1024x578.jpg 1024w, https:\/\/carnetsdevoyage.net\/yucatan2018\/wp-content\/uploads\/sites\/3\/2018\/08\/20180804_101011-Copier-768x433.jpg 768w, https:\/\/carnetsdevoyage.net\/yucatan2018\/wp-content\/uploads\/sites\/3\/2018\/08\/20180804_101011-Copier-479x270.jpg 479w\" sizes=\"auto, (max-width: 1404px) 100vw, 1404px\" \/><\/figure>\n<\/div>\n\n\n<p class=\"wp-block-paragraph\">Le cenote Negro est dans la lagune. On ne conna\u00eet pas sa profondeur exacte, mais c&rsquo;est en tous cas plus de 100 m\u00e8tres. On voit la diff\u00e9rence entre la lagune et le cenote \u00e0 la couleur de l&rsquo;eau et au bord du cenote.<\/p>\n\n\n<div class=\"wp-block-image\">\n<figure class=\"aligncenter\"><img loading=\"lazy\" decoding=\"async\" width=\"1404\" height=\"792\" src=\"https:\/\/carnetsdevoyage.net\/yucatan2018\/wp-content\/uploads\/sites\/3\/2018\/08\/20180804_110957-Copier.jpg\" alt=\"\" class=\"wp-image-1256\" srcset=\"https:\/\/carnetsdevoyage.net\/yucatan2018\/wp-content\/uploads\/sites\/3\/2018\/08\/20180804_110957-Copier.jpg 1404w, https:\/\/carnetsdevoyage.net\/yucatan2018\/wp-content\/uploads\/sites\/3\/2018\/08\/20180804_110957-Copier-1024x578.jpg 1024w, https:\/\/carnetsdevoyage.net\/yucatan2018\/wp-content\/uploads\/sites\/3\/2018\/08\/20180804_110957-Copier-768x433.jpg 768w, https:\/\/carnetsdevoyage.net\/yucatan2018\/wp-content\/uploads\/sites\/3\/2018\/08\/20180804_110957-Copier-479x270.jpg 479w\" sizes=\"auto, (max-width: 1404px) 100vw, 1404px\" \/><\/figure>\n<\/div>\n\n\n<p class=\"wp-block-paragraph\">Je pr\u00e9cise quand m\u00eame que les photos ne sont pas recolor\u00e9es \ud83d\ude09<\/p>\n\n\n<div class=\"wp-block-image\">\n<figure class=\"aligncenter\"><img loading=\"lazy\" decoding=\"async\" width=\"1404\" height=\"792\" src=\"https:\/\/carnetsdevoyage.net\/yucatan2018\/wp-content\/uploads\/sites\/3\/2018\/08\/20180804_120516-Copier.jpg\" alt=\"\" class=\"wp-image-1257\" srcset=\"https:\/\/carnetsdevoyage.net\/yucatan2018\/wp-content\/uploads\/sites\/3\/2018\/08\/20180804_120516-Copier.jpg 1404w, https:\/\/carnetsdevoyage.net\/yucatan2018\/wp-content\/uploads\/sites\/3\/2018\/08\/20180804_120516-Copier-1024x578.jpg 1024w, https:\/\/carnetsdevoyage.net\/yucatan2018\/wp-content\/uploads\/sites\/3\/2018\/08\/20180804_120516-Copier-768x433.jpg 768w, https:\/\/carnetsdevoyage.net\/yucatan2018\/wp-content\/uploads\/sites\/3\/2018\/08\/20180804_120516-Copier-479x270.jpg 479w\" sizes=\"auto, (max-width: 1404px) 100vw, 1404px\" \/><\/figure>\n<\/div>\n\n\n<p class=\"wp-block-paragraph\">Nous avons fini la journ\u00e9e chez nous, au bord de la lagune&#8230; Demain c&rsquo;est notre dernier jour ici et le programme n&rsquo;est pas encore connu !<\/p>\n\n\n<div class=\"wp-block-image\">\n<figure class=\"aligncenter\"><img loading=\"lazy\" decoding=\"async\" width=\"1404\" height=\"792\" src=\"https:\/\/carnetsdevoyage.net\/yucatan2018\/wp-content\/uploads\/sites\/3\/2018\/08\/20180804_123634-Copier.jpg\" alt=\"\" class=\"wp-image-1258\" srcset=\"https:\/\/carnetsdevoyage.net\/yucatan2018\/wp-content\/uploads\/sites\/3\/2018\/08\/20180804_123634-Copier.jpg 1404w, https:\/\/carnetsdevoyage.net\/yucatan2018\/wp-content\/uploads\/sites\/3\/2018\/08\/20180804_123634-Copier-1024x578.jpg 1024w, https:\/\/carnetsdevoyage.net\/yucatan2018\/wp-content\/uploads\/sites\/3\/2018\/08\/20180804_123634-Copier-768x433.jpg 768w, https:\/\/carnetsdevoyage.net\/yucatan2018\/wp-content\/uploads\/sites\/3\/2018\/08\/20180804_123634-Copier-479x270.jpg 479w\" sizes=\"auto, (max-width: 1404px) 100vw, 1404px\" \/><\/figure>\n<\/div>\n\n\n<p class=\"wp-block-paragraph\">A demain !<\/p>\n","protected":false},"excerpt":{"rendered":"<p>En passant, j&rsquo;ai chang\u00e9 les images du bandeau&#8230; Ce sont toutes les miennes maintenant ! Aujourd&rsquo;hui, excursion sur la lagune avec Kristel. C&rsquo;est pas souvent qu&rsquo;on fait de la pub, mais notre guide d&rsquo;aujourd&rsquo;hui \u00e9tait au top ! Kristel est une fran\u00e7aise install\u00e9e ici depuis plus de 25 ans&#8230; Elle a son bateau et organise des visites de la lagune depuis quelques ann\u00e9es. C&rsquo;est une vraie amoureuse du lieu et elle en conna\u00eet tous les coins ! Pour la trouver,&#8230;<\/p>\n<p class=\"read-more\"><a class=\"btn btn-default\" href=\"https:\/\/carnetsdevoyage.net\/yucatan2018\/2018\/08\/14\/la-lagune-aux-mille-couleurs\/\">Lire la suite<span class=\"screen-reader-text\"> Lire la suite<\/span><\/a><\/p>\n","protected":false},"author":2,"featured_media":0,"comment_status":"open","ping_status":"open","sticky":false,"template":"","format":"standard","meta":{"_crdt_document":"","footnotes":""},"categories":[1],"tags":[],"class_list":["post-1262","post","type-post","status-publish","format-standard","hentry","category-non-classe"],"_links":{"self":[{"href":"https:\/\/carnetsdevoyage.net\/yucatan2018\/wp-json\/wp\/v2\/posts\/1262","targetHints":{"allow":["GET"]}}],"collection":[{"href":"https:\/\/carnetsdevoyage.net\/yucatan2018\/wp-json\/wp\/v2\/posts"}],"about":[{"href":"https:\/\/carnetsdevoyage.net\/yucatan2018\/wp-json\/wp\/v2\/types\/post"}],"author":[{"embeddable":true,"href":"https:\/\/carnetsdevoyage.net\/yucatan2018\/wp-json\/wp\/v2\/users\/2"}],"replies":[{"embeddable":true,"href":"https:\/\/carnetsdevoyage.net\/yucatan2018\/wp-json\/wp\/v2\/comments?post=1262"}],"version-history":[{"count":4,"href":"https:\/\/carnetsdevoyage.net\/yucatan2018\/wp-json\/wp\/v2\/posts\/1262\/revisions"}],"predecessor-version":[{"id":1266,"href":"https:\/\/carnetsdevoyage.net\/yucatan2018\/wp-json\/wp\/v2\/posts\/1262\/revisions\/1266"}],"wp:attachment":[{"href":"https:\/\/carnetsdevoyage.net\/yucatan2018\/wp-json\/wp\/v2\/media?parent=1262"}],"wp:term":[{"taxonomy":"category","embeddable":true,"href":"https:\/\/carnetsdevoyage.net\/yucatan2018\/wp-json\/wp\/v2\/categories?post=1262"},{"taxonomy":"post_tag","embeddable":true,"href":"https:\/\/carnetsdevoyage.net\/yucatan2018\/wp-json\/wp\/v2\/tags?post=1262"}],"curies":[{"name":"wp","href":"https:\/\/api.w.org\/{rel}","templated":true}]}}