{"id":1294,"date":"2018-08-14T12:30:48","date_gmt":"2018-08-14T10:30:48","guid":{"rendered":"http:\/\/carnetsdevoyage.net\/yucatan2018\/?p=1294"},"modified":"2018-12-13T09:58:40","modified_gmt":"2018-12-13T08:58:40","slug":"de-bacalar-a-tulum","status":"publish","type":"post","link":"https:\/\/carnetsdevoyage.net\/yucatan2018\/2018\/08\/14\/de-bacalar-a-tulum\/","title":{"rendered":"De Bacalar \u00e0 Tulum"},"content":{"rendered":"\n<p class=\"wp-block-paragraph\">En transit aujourd&rsquo;hui, un peu plus de 2h30 de route.<\/p>\n\n\n\n<p class=\"wp-block-paragraph\">Ce matin, comme tous les jours, on s&rsquo;est lev\u00e9s vers 6h30. Temps tr\u00e8s calme, pas un bruit, pas un poil de vent, une lagune lisse comme un miroir&#8230; Bref, j&rsquo;ai pas r\u00e9sist\u00e9 !<\/p>\n\n\n<div class=\"wp-block-image\">\n<figure class=\"aligncenter\"><img loading=\"lazy\" decoding=\"async\" width=\"1404\" height=\"792\" src=\"https:\/\/carnetsdevoyage.net\/yucatan2018\/wp-content\/uploads\/sites\/3\/2018\/08\/DSC02260-Copier.jpg\" alt=\"\" class=\"wp-image-1290\" srcset=\"https:\/\/carnetsdevoyage.net\/yucatan2018\/wp-content\/uploads\/sites\/3\/2018\/08\/DSC02260-Copier.jpg 1404w, https:\/\/carnetsdevoyage.net\/yucatan2018\/wp-content\/uploads\/sites\/3\/2018\/08\/DSC02260-Copier-1024x578.jpg 1024w, https:\/\/carnetsdevoyage.net\/yucatan2018\/wp-content\/uploads\/sites\/3\/2018\/08\/DSC02260-Copier-768x433.jpg 768w, https:\/\/carnetsdevoyage.net\/yucatan2018\/wp-content\/uploads\/sites\/3\/2018\/08\/DSC02260-Copier-479x270.jpg 479w\" sizes=\"auto, (max-width: 1404px) 100vw, 1404px\" \/><\/figure>\n<\/div>\n\n<div class=\"wp-block-image\">\n<figure class=\"aligncenter\"><img loading=\"lazy\" decoding=\"async\" width=\"1404\" height=\"792\" src=\"https:\/\/carnetsdevoyage.net\/yucatan2018\/wp-content\/uploads\/sites\/3\/2018\/08\/DSC02261-Copier.jpg\" alt=\"\" class=\"wp-image-1291\" srcset=\"https:\/\/carnetsdevoyage.net\/yucatan2018\/wp-content\/uploads\/sites\/3\/2018\/08\/DSC02261-Copier.jpg 1404w, https:\/\/carnetsdevoyage.net\/yucatan2018\/wp-content\/uploads\/sites\/3\/2018\/08\/DSC02261-Copier-1024x578.jpg 1024w, https:\/\/carnetsdevoyage.net\/yucatan2018\/wp-content\/uploads\/sites\/3\/2018\/08\/DSC02261-Copier-768x433.jpg 768w, https:\/\/carnetsdevoyage.net\/yucatan2018\/wp-content\/uploads\/sites\/3\/2018\/08\/DSC02261-Copier-479x270.jpg 479w\" sizes=\"auto, (max-width: 1404px) 100vw, 1404px\" \/><\/figure>\n<\/div>\n\n<div class=\"wp-block-image\">\n<figure class=\"aligncenter\"><img loading=\"lazy\" decoding=\"async\" width=\"1404\" height=\"792\" src=\"https:\/\/carnetsdevoyage.net\/yucatan2018\/wp-content\/uploads\/sites\/3\/2018\/08\/DSC02263-Copier.jpg\" alt=\"\" class=\"wp-image-1292\" srcset=\"https:\/\/carnetsdevoyage.net\/yucatan2018\/wp-content\/uploads\/sites\/3\/2018\/08\/DSC02263-Copier.jpg 1404w, https:\/\/carnetsdevoyage.net\/yucatan2018\/wp-content\/uploads\/sites\/3\/2018\/08\/DSC02263-Copier-1024x578.jpg 1024w, https:\/\/carnetsdevoyage.net\/yucatan2018\/wp-content\/uploads\/sites\/3\/2018\/08\/DSC02263-Copier-768x433.jpg 768w, https:\/\/carnetsdevoyage.net\/yucatan2018\/wp-content\/uploads\/sites\/3\/2018\/08\/DSC02263-Copier-479x270.jpg 479w\" sizes=\"auto, (max-width: 1404px) 100vw, 1404px\" \/><\/figure>\n<\/div>\n\n<div class=\"wp-block-image\">\n<figure class=\"aligncenter\"><img loading=\"lazy\" decoding=\"async\" width=\"1404\" height=\"792\" src=\"https:\/\/carnetsdevoyage.net\/yucatan2018\/wp-content\/uploads\/sites\/3\/2018\/08\/DSC02265-Copier.jpg\" alt=\"\" class=\"wp-image-1293\" srcset=\"https:\/\/carnetsdevoyage.net\/yucatan2018\/wp-content\/uploads\/sites\/3\/2018\/08\/DSC02265-Copier.jpg 1404w, https:\/\/carnetsdevoyage.net\/yucatan2018\/wp-content\/uploads\/sites\/3\/2018\/08\/DSC02265-Copier-1024x578.jpg 1024w, https:\/\/carnetsdevoyage.net\/yucatan2018\/wp-content\/uploads\/sites\/3\/2018\/08\/DSC02265-Copier-768x433.jpg 768w, https:\/\/carnetsdevoyage.net\/yucatan2018\/wp-content\/uploads\/sites\/3\/2018\/08\/DSC02265-Copier-479x270.jpg 479w\" sizes=\"auto, (max-width: 1404px) 100vw, 1404px\" \/><\/figure>\n<\/div>\n\n\n<p class=\"wp-block-paragraph\">On a donc quitt\u00e9 ce si bel endroit qui nous a tant \u00e9merveill\u00e9&#8230;<\/p>\n\n\n\n<figure class=\"wp-block-embed-youtube aligncenter wp-block-embed is-type-video is-provider-youtube\">\n<iframe loading=\"lazy\" title=\"Laguna de Bacalar - After Sunrise - Yucat\u00e1n\" width=\"640\" height=\"360\" src=\"https:\/\/www.youtube.com\/embed\/2rifcSXDNx4?feature=oembed\" frameborder=\"0\" allow=\"accelerometer; autoplay; clipboard-write; encrypted-media; gyroscope; picture-in-picture; web-share\" referrerpolicy=\"strict-origin-when-cross-origin\" allowfullscreen><\/iframe>\n<\/figure>\n\n\n\n<p class=\"wp-block-paragraph\">Arriv\u00e9s \u00e0 Tulum en d\u00e9but d&rsquo;apr\u00e8s-midi, l&rsquo;\u00e9tat des plages est tel qu&rsquo;on le redoutait ! Les sargasses sont partout, et donnent \u00e0 l&rsquo;eau une couleur qui ne colle pas avec l&rsquo;image des Cara\u00efbes ! On\u00a0 a planifi\u00e9 une sortie en mer demain matin, avec du snorkeling&#8230;<\/p>\n\n\n\n<p class=\"wp-block-paragraph\">On s&rsquo;est install\u00e9s dans notre nouvel h\u00f4tel, le Posada Yum Kin, tr\u00e8s sympa ! On y a bull\u00e9 le reste de l&rsquo;apr\u00e8s-midi&#8230;<\/p>\n\n\n\n<p class=\"wp-block-paragraph\">A demain !<\/p>\n\n\n\n<p class=\"wp-block-paragraph\"><\/p>\n","protected":false},"excerpt":{"rendered":"<p>En transit aujourd&rsquo;hui, un peu plus de 2h30 de route. Ce matin, comme tous les jours, on s&rsquo;est lev\u00e9s vers 6h30. Temps tr\u00e8s calme, pas un bruit, pas un poil de vent, une lagune lisse comme un miroir&#8230; Bref, j&rsquo;ai pas r\u00e9sist\u00e9 ! On a donc quitt\u00e9 ce si bel endroit qui nous a tant \u00e9merveill\u00e9&#8230; Arriv\u00e9s \u00e0 Tulum en d\u00e9but d&rsquo;apr\u00e8s-midi, l&rsquo;\u00e9tat des plages est tel qu&rsquo;on le redoutait ! Les sargasses sont partout, et donnent \u00e0 l&rsquo;eau une&#8230;<\/p>\n<p class=\"read-more\"><a class=\"btn btn-default\" href=\"https:\/\/carnetsdevoyage.net\/yucatan2018\/2018\/08\/14\/de-bacalar-a-tulum\/\">Lire la suite<span class=\"screen-reader-text\"> Lire la suite<\/span><\/a><\/p>\n","protected":false},"author":2,"featured_media":0,"comment_status":"open","ping_status":"open","sticky":false,"template":"","format":"standard","meta":{"_crdt_document":"","footnotes":""},"categories":[1],"tags":[],"class_list":["post-1294","post","type-post","status-publish","format-standard","hentry","category-non-classe"],"_links":{"self":[{"href":"https:\/\/carnetsdevoyage.net\/yucatan2018\/wp-json\/wp\/v2\/posts\/1294","targetHints":{"allow":["GET"]}}],"collection":[{"href":"https:\/\/carnetsdevoyage.net\/yucatan2018\/wp-json\/wp\/v2\/posts"}],"about":[{"href":"https:\/\/carnetsdevoyage.net\/yucatan2018\/wp-json\/wp\/v2\/types\/post"}],"author":[{"embeddable":true,"href":"https:\/\/carnetsdevoyage.net\/yucatan2018\/wp-json\/wp\/v2\/users\/2"}],"replies":[{"embeddable":true,"href":"https:\/\/carnetsdevoyage.net\/yucatan2018\/wp-json\/wp\/v2\/comments?post=1294"}],"version-history":[{"count":2,"href":"https:\/\/carnetsdevoyage.net\/yucatan2018\/wp-json\/wp\/v2\/posts\/1294\/revisions"}],"predecessor-version":[{"id":1420,"href":"https:\/\/carnetsdevoyage.net\/yucatan2018\/wp-json\/wp\/v2\/posts\/1294\/revisions\/1420"}],"wp:attachment":[{"href":"https:\/\/carnetsdevoyage.net\/yucatan2018\/wp-json\/wp\/v2\/media?parent=1294"}],"wp:term":[{"taxonomy":"category","embeddable":true,"href":"https:\/\/carnetsdevoyage.net\/yucatan2018\/wp-json\/wp\/v2\/categories?post=1294"},{"taxonomy":"post_tag","embeddable":true,"href":"https:\/\/carnetsdevoyage.net\/yucatan2018\/wp-json\/wp\/v2\/tags?post=1294"}],"curies":[{"name":"wp","href":"https:\/\/api.w.org\/{rel}","templated":true}]}}